{"id":2088,"date":"2013-12-29T00:00:00","date_gmt":"1970-01-01T00:00:00","guid":{"rendered":"http:\/\/lireouimaisquoi.over-blog.com\/article-le-cas-eduard-einstein-121813122-comments.html"},"modified":"2014-08-27T23:18:58","modified_gmt":"2014-08-27T22:18:58","slug":"le-cas-eduard-einstein","status":"publish","type":"post","link":"https:\/\/chezyueyin.org\/blog\/le-cas-eduard-einstein\/","title":{"rendered":"Le cas Eduard Einstein"},"content":{"rendered":"<p style=\"text-align: justify;\"> <img loading=\"lazy\" decoding=\"async\" src=\"https:\/\/encrypted-tbn0.gstatic.com\/images?q=tbn:ANd9GcSePiCkcHDvwk1CGZ_Dxnj1a28SuJmtVOtcMFDQnA6SffyUXs2f\" class=\"alignleft\" height=\"233\" width=\"150\"><span>1930, Mileva Maric, ex-femme d&#8217;Albert Einstein, vient de vivre une des journ\u00e9es les plus \u00e9prouvantes de sa vie &#8211; elle a conduit son plus jeune fils Eduard &#8211; 20 ans, \u00e0 l&#8217;asile du Burgh\u00f6lzli de Zurich et est repartie, seule, rong\u00e9e de culpabilit\u00e9 et de d\u00e9sespoir. Dans le m\u00eame temps Albert \u00e0 Berlin s&#8217;interroge : alors que le monde se referme sur lui, devenu ennemi du r\u00e9gime hitlerien, que convient-il de faire pour ce fils qui l&#8217;inqui\u00e8te depuis longtemps et sera bient\u00f4t diagnostiqu\u00e9 schizophr\u00e8ne ? Et Eduard dans tout cela ? Eduard r\u00eave, imagine, sanctionne, philosophe aussi&#8230; que lui sert donc d&#8217;\u00eatre le fils du plus grand g\u00e9nie du si\u00e8cle, un absent qu&#8217;il d\u00e9teste, et ne peut-il se d\u00e9finir que comme fils de&#8230; ? Jamais plus Eduard, vuln\u00e9rable, souffrant mais aussi dangereux ne quittera vraiment l&#8217;asile, jamais plus ses parents ne se lib\u00e9reront de la lourde charge de l&#8217;enfant malade&#8230;<\/span> <\/p>\n<p style=\"text-align: justify;\"> <span>Que voici un roman fascinant, men\u00e9 \u00e0 trois voix celles d&#8217;Eduard, de Mileva et d&#8217;Albert, il tisse l&#8217;histoire d&#8217;une famille bris\u00e9e qui n&#8217;existe plus que par la maladie d&#8217;un des fils. Car c&#8217;est bien de cela qu&#8217;il s&#8217;agit&#8230; Apr\u00e8s leur divorce, Albert et Mileva aurait pu cesser totalement de correspondre &#8211; peut \u00eatre cela eut-il \u00e9t\u00e9 mieux pour Mileva apr\u00e8s tout &#8211; mais un fils malade, incurable, fou&#8230; dont il faut prendre soin &#8211; serait-ce de loin, pour lequel il faut prendre des d\u00e9cisions, cela repr\u00e9sente des obligations bien difficiles \u00e0 tenir que ce soit pour des raisons psychologiques &#8211; Albert semble persuad\u00e9 que sa pr\u00e9sence ne pourrait qu&#8217;aggraver l&#8217;\u00e9tat de son fils &#8211; que pour les difficult\u00e9s pratiques d&#8217;un monde d\u00e9chir\u00e9 par la guerre et l&#8217;exil.<\/span> <\/p>\n<p style=\"text-align: justify;\"> <span>Laurent Seksik sait donner corps \u00e0 ses personnages et on ressent une grande compassion pour ses destins qui peuvent apparaitre de l&#8217;ext\u00e9rieur, bris\u00e9s &#8211; Mileva &#8211; pleinement accompli &#8211; Albert &#8211; ou simplement g\u00e2ch\u00e9 par la maladie et les balbutiements d&#8217;une psychiatrie naissante &#8211; Eduard &#8211; mais qui tous rec\u00e8lent une terrible f\u00e9lure affective. Juger pourrait sembler facile mais L&#8217;auteur ne s&#8217;y risque pas et je lui en sais gr\u00e9 car qui pourrait pr\u00e9tendre savoir que faire dans une telle situation. Une plong\u00e9e fascinante quoique parfois d\u00e9rangeante dans l&#8217;intimit\u00e9 d&#8217;un des grands hommes du XXe si\u00e8cle. Poignant!<\/span> <\/p>\n<p style=\"text-align: justify;\"> <span><em>Le cas Eduard Einstein &#8211; Laurent Seksik &#8211; 2013 &#8211; Flammarion<\/em><\/span> <\/p>\n","protected":false},"excerpt":{"rendered":"<p>1930, Mileva Maric, ex-femme d&#8217;Albert Einstein, vient de vivre une des journ\u00e9es les plus \u00e9prouvantes de sa vie &#8211; elle a conduit son plus jeune fils Eduard &#8211; 20 ans, \u00e0 l&#8217;asile du Burgh\u00f6lzli de Zurich et est repartie, seule, &hellip; <a href=\"https:\/\/chezyueyin.org\/blog\/le-cas-eduard-einstein\/\">Continuer la lecture <span class=\"meta-nav\">&rarr;<\/span><\/a><\/p>\n","protected":false},"author":1,"featured_media":0,"comment_status":"open","ping_status":"closed","sticky":false,"template":"","format":"standard","meta":{"_s2mail":"","footnotes":""},"categories":[20],"tags":[],"class_list":["post-2088","post","type-post","status-publish","format-standard","hentry","category-romanfranais"],"yoast_head":"<!-- This site is optimized with the Yoast SEO plugin v14.4.1 - https:\/\/yoast.com\/wordpress\/plugins\/seo\/ -->\n<meta name=\"robots\" content=\"index, follow\" \/>\n<meta name=\"googlebot\" content=\"index, follow, max-snippet:-1, max-image-preview:large, max-video-preview:-1\" \/>\n<meta name=\"bingbot\" content=\"index, follow, max-snippet:-1, max-image-preview:large, max-video-preview:-1\" \/>\n<link rel=\"canonical\" href=\"https:\/\/chezyueyin.org\/blog\/le-cas-eduard-einstein\/\" \/>\n<meta property=\"og:locale\" content=\"fr_FR\" \/>\n<meta property=\"og:type\" content=\"article\" \/>\n<meta property=\"og:title\" content=\"Le cas Eduard Einstein -\" \/>\n<meta property=\"og:description\" content=\"1930, Mileva Maric, ex-femme d&#8217;Albert Einstein, vient de vivre une des journ\u00e9es les plus \u00e9prouvantes de sa vie &#8211; elle a conduit son plus jeune fils Eduard &#8211; 20 ans, \u00e0 l&#8217;asile du Burgh\u00f6lzli de Zurich et est repartie, seule, &hellip; Continuer la lecture &rarr;\" \/>\n<meta property=\"og:url\" content=\"https:\/\/chezyueyin.org\/blog\/le-cas-eduard-einstein\/\" \/>\n<meta property=\"article:published_time\" content=\"1970-01-01T00:00:00+00:00\" \/>\n<meta property=\"article:modified_time\" content=\"2014-08-27T22:18:58+00:00\" \/>\n<meta property=\"og:image\" content=\"https:\/\/encrypted-tbn0.gstatic.com\/images?q=tbn:ANd9GcSePiCkcHDvwk1CGZ_Dxnj1a28SuJmtVOtcMFDQnA6SffyUXs2f\" \/>\n<script type=\"application\/ld+json\" class=\"yoast-schema-graph\">{\"@context\":\"https:\/\/schema.org\",\"@graph\":[{\"@type\":\"WebSite\",\"@id\":\"https:\/\/chezyueyin.org\/blog\/#website\",\"url\":\"https:\/\/chezyueyin.org\/blog\/\",\"name\":\"\",\"description\":\"\",\"potentialAction\":[{\"@type\":\"SearchAction\",\"target\":\"https:\/\/chezyueyin.org\/blog\/?s={search_term_string}\",\"query-input\":\"required name=search_term_string\"}],\"inLanguage\":\"fr-FR\"},{\"@type\":\"ImageObject\",\"@id\":\"https:\/\/chezyueyin.org\/blog\/le-cas-eduard-einstein\/#primaryimage\",\"inLanguage\":\"fr-FR\",\"url\":\"https:\/\/encrypted-tbn0.gstatic.com\/images?q=tbn:ANd9GcSePiCkcHDvwk1CGZ_Dxnj1a28SuJmtVOtcMFDQnA6SffyUXs2f\"},{\"@type\":\"WebPage\",\"@id\":\"https:\/\/chezyueyin.org\/blog\/le-cas-eduard-einstein\/#webpage\",\"url\":\"https:\/\/chezyueyin.org\/blog\/le-cas-eduard-einstein\/\",\"name\":\"Le cas Eduard Einstein -\",\"isPartOf\":{\"@id\":\"https:\/\/chezyueyin.org\/blog\/#website\"},\"primaryImageOfPage\":{\"@id\":\"https:\/\/chezyueyin.org\/blog\/le-cas-eduard-einstein\/#primaryimage\"},\"datePublished\":\"1970-01-01T00:00:00+00:00\",\"dateModified\":\"2014-08-27T22:18:58+00:00\",\"author\":{\"@id\":\"https:\/\/chezyueyin.org\/blog\/#\/schema\/person\/1a9310c3e663df5ecfc72321e080472a\"},\"inLanguage\":\"fr-FR\",\"potentialAction\":[{\"@type\":\"ReadAction\",\"target\":[\"https:\/\/chezyueyin.org\/blog\/le-cas-eduard-einstein\/\"]}]},{\"@type\":[\"Person\"],\"@id\":\"https:\/\/chezyueyin.org\/blog\/#\/schema\/person\/1a9310c3e663df5ecfc72321e080472a\",\"name\":\"yueyin\",\"image\":{\"@type\":\"ImageObject\",\"@id\":\"https:\/\/chezyueyin.org\/blog\/#personlogo\",\"inLanguage\":\"fr-FR\",\"url\":\"https:\/\/secure.gravatar.com\/avatar\/1e806c47d6639b28584ec4f62fd12a1e07e1042510b36ac97a823d02fd787a70?s=96&d=mm&r=g\",\"caption\":\"yueyin\"}}]}<\/script>\n<!-- \/ Yoast SEO plugin. -->","_links":{"self":[{"href":"https:\/\/chezyueyin.org\/blog\/wp-json\/wp\/v2\/posts\/2088","targetHints":{"allow":["GET"]}}],"collection":[{"href":"https:\/\/chezyueyin.org\/blog\/wp-json\/wp\/v2\/posts"}],"about":[{"href":"https:\/\/chezyueyin.org\/blog\/wp-json\/wp\/v2\/types\/post"}],"author":[{"embeddable":true,"href":"https:\/\/chezyueyin.org\/blog\/wp-json\/wp\/v2\/users\/1"}],"replies":[{"embeddable":true,"href":"https:\/\/chezyueyin.org\/blog\/wp-json\/wp\/v2\/comments?post=2088"}],"version-history":[{"count":1,"href":"https:\/\/chezyueyin.org\/blog\/wp-json\/wp\/v2\/posts\/2088\/revisions"}],"predecessor-version":[{"id":2155,"href":"https:\/\/chezyueyin.org\/blog\/wp-json\/wp\/v2\/posts\/2088\/revisions\/2155"}],"wp:attachment":[{"href":"https:\/\/chezyueyin.org\/blog\/wp-json\/wp\/v2\/media?parent=2088"}],"wp:term":[{"taxonomy":"category","embeddable":true,"href":"https:\/\/chezyueyin.org\/blog\/wp-json\/wp\/v2\/categories?post=2088"},{"taxonomy":"post_tag","embeddable":true,"href":"https:\/\/chezyueyin.org\/blog\/wp-json\/wp\/v2\/tags?post=2088"}],"curies":[{"name":"wp","href":"https:\/\/api.w.org\/{rel}","templated":true}]}}