{"id":5256,"date":"2015-07-02T20:22:47","date_gmt":"2015-07-02T19:22:47","guid":{"rendered":"http:\/\/chezyueyin.org\/blog\/?p=5256"},"modified":"2015-07-02T20:24:15","modified_gmt":"2015-07-02T19:24:15","slug":"et-comme-toujours-lautomne-sera-quebecois","status":"publish","type":"post","link":"https:\/\/chezyueyin.org\/blog\/et-comme-toujours-lautomne-sera-quebecois\/","title":{"rendered":"Et comme toujours, l&#8217;automne sera qu\u00e9b\u00e9cois !"},"content":{"rendered":"<p style=\"text-align: center;\">Oyez, Oyez, amoureux des livres, des mots et de la blogosph\u00e8re,<br \/>\nj&#8217;ai la joie, le bonheur et l&#8217;avantage de vous annoncer qu&#8217;une fois encore,<br \/>\nle Qu\u00e9bec et sa litt\u00e9rature seront \u00e0 l&#8217;honneur cet automne.<\/p>\n<p style=\"text-align: justify;\"><a href=\"http:\/\/chezyueyin.org\/blog\/wp-content\/uploads\/2015\/07\/logo-que\u0301bec2.jpg\"><img loading=\"lazy\" decoding=\"async\" class=\"aligncenter size-medium wp-image-5257\" src=\"http:\/\/chezyueyin.org\/blog\/wp-content\/uploads\/2015\/07\/logo-que\u0301bec2-300x168.jpg\" alt=\"logo que\u0301bec2\" width=\"300\" height=\"168\" srcset=\"https:\/\/chezyueyin.org\/blog\/wp-content\/uploads\/2015\/07\/logo-que\u0301bec2-300x168.jpg 300w, https:\/\/chezyueyin.org\/blog\/wp-content\/uploads\/2015\/07\/logo-que\u0301bec2.jpg 366w\" sizes=\"auto, (max-width: 300px) 100vw, 300px\" \/><\/a>Certes apr\u00e8s trois ans de bons et loyaux service Qu\u00e9bec en septembre devient <strong>Qu\u00e9bec en novembre<\/strong>. Ceci pour \u00e9viter que trop de mois th\u00e9matiques se chevauchent en cette propice p\u00e9riode &#8211; cela nous fait tout dr\u00f4le \u00e0 <a href=\"httphttp:\/\/moncoinlecture.com\/2015\/07\/quebec-en-septembre-sera-en-novembre-en-2015\/:\/\/moncoinlecture.com\/\" target=\"_blank\">Karine<\/a> et moi &#8211; mais baste, vous pouvez compter sur nous pour mettre un peu de peps, de lumi\u00e8re et de chaleur dans ce mois de frimas, coinc\u00e9 entre les ors d&#8217;octobre et les rouges de d\u00e9cembre.<br \/>\nComme d&#8217;habitude peu de r\u00e8gles (avec des organisatrices telles que Karine moi-m\u00eame, cela rel\u00e8ve du principe), le but \u00e9tant avant tout de faire d\u00e9couvrir et aimer la litt\u00e9rature de la belle province qui rec\u00e8le tant de p\u00e9pites. Il suffit donc de lire un livre d&#8217;auteur qu\u00e9b\u00e9cois ou se passant principalement au Qu\u00e9bec et hop vous en \u00eates. \u00c9videmment vous pouvez lire plus, beaucoup plus et m\u00eame \u00e9norm\u00e9ment plus (il y aura sans doute des cat\u00e9gories et des logos d&#8217;ici l\u00e0), regarder des films, tester des recettes, enfin bref vous faites un peu ce que vous voulez, tant qu&#8217;il y a un lien avec le Qu\u00e9bec.<br \/>\nPour vous aider et vous encourager, nous allons concocter avec la divine <a href=\"http:\/\/moncoinlecture.com\/2015\/07\/quebec-en-septembre-sera-en-novembre-en-2015\/\" target=\"_blank\">Karine<\/a>, tout plein de listes et d&#8217;id\u00e9es de lectures d&#8217;ici novembre (Je ne sais pas si vous le savez, mais on doit se voir cet \u00e9t\u00e9, \u00e7a va placoter et comploter vous pouvez m&#8217;en croire) (C&#8217;est que ce n&#8217;est\u00a0 pas toujours facile d&#8217;avoir un oc\u00e9an entre nous) (j&#8217;ai h\u00e2te mais H\u00c2TE). En attendant vous pouvez d\u00e9j\u00e0 piocher des id\u00e9es dans nos cat\u00e9gories qu\u00e9b\u00e9coises \u00e0 toutes deux <a href=\"http:\/\/moncoinlecture.com\/category\/littraturequbcoise\/\" target=\"_blank\">ici<\/a> et <a href=\"http:\/\/chezyueyin.org\/blog\/?cat=25\" target=\"_blank\">ici,<\/a> ainsi que dans les anciens bilans de nos pr\u00e9c\u00e9dentes rencontres (nous avons chacune un onglet sp\u00e9cifique dans le menu bloguesque) et si vous avez d&#8217;autres id\u00e9es, dites-nous tout.<br \/>\nPour ceux qui sont comme moi du c\u00f4t\u00e9 est de l&#8217;atlantique, j&#8217;ai concoct\u00e9 des listes de romans adultes, de livres jeunesses et de BD disponibles par chez nous. De son c\u00f4t\u00e9 <a href=\"http:\/\/moncoinlecture.com\/2015\/07\/quebec-en-septembre-sera-en-novembre-en-2015\/\" target=\"_blank\">Karine<\/a> \u00e0 d\u00e9couvert que les lecteurs \u00e9lectronique pouvaient commander sur le site <a href=\"http:\/\/www.leslibraires.ca\/categorie\/roman-quebecois-269\/?view=couvertures&amp;s&amp;t&amp;a&amp;e&amp;c&amp;i&amp;pr&amp;tri=plus-vendus&amp;ic=30\" target=\"_blank\">leslibraires.ca<\/a>, enfin il y a bien s\u00fbr la librairie qu\u00e9b\u00e9coise pour les parisiens.<\/p>\n<p style=\"text-align: center;\">Alors il me reste \u00e0 vous souhaiter<br \/>\nde tr\u00e8s belles d\u00e9couvertes et de fantabuleuses lectures<br \/>\net on se retrouve tout <strong>bient\u00f4t<\/strong> pour de <strong>nouvelles tentations<\/strong>.<\/p>\n<p><a href=\"http:\/\/chezyueyin.org\/blog\/wp-content\/uploads\/2015\/07\/quebecenfrance_27.jpeg\">&#8230;..<img loading=\"lazy\" decoding=\"async\" class=\"alignnone size-thumbnail wp-image-5258\" src=\"http:\/\/chezyueyin.org\/blog\/wp-content\/uploads\/2015\/07\/quebecenfrance_27-150x150.jpeg\" alt=\"quebecenfrance_2:7\" width=\"150\" height=\"150\" \/> \u00a0 \u00a0 <\/a><a href=\"http:\/\/chezyueyin.org\/blog\/wp-content\/uploads\/2015\/07\/lirejeunesse_27.jpeg\"><img loading=\"lazy\" decoding=\"async\" class=\"alignnone size-thumbnail wp-image-5259\" src=\"http:\/\/chezyueyin.org\/blog\/wp-content\/uploads\/2015\/07\/lirejeunesse_27-150x150.jpeg\" alt=\"lirejeunesse_2:7\" width=\"150\" height=\"150\" \/>\u00a0 \u00a0\u00a0 <\/a><a href=\"http:\/\/chezyueyin.org\/blog\/wp-content\/uploads\/2015\/07\/BD_27.jpeg\"><img loading=\"lazy\" decoding=\"async\" class=\"alignnone size-thumbnail wp-image-5260\" src=\"http:\/\/chezyueyin.org\/blog\/wp-content\/uploads\/2015\/07\/BD_27-150x150.jpeg\" alt=\"BD_2:7\" width=\"150\" height=\"150\" \/><\/a><\/p>\n<p style=\"text-align: justify;\"><span style=\"font-size: 10pt;\"><em>Cliquer pour agrandir \ud83d\ude42 Je compl\u00e8terai mes cartes chaque mois d&#8217;ici novembre, promis.<\/em><\/span><\/p>\n<p>&nbsp;<\/p>\n<p>&nbsp;<\/p>\n<p>&nbsp;<\/p>\n","protected":false},"excerpt":{"rendered":"<p>Oyez, Oyez, amoureux des livres, des mots et de la blogosph\u00e8re, j&#8217;ai la joie, le bonheur et l&#8217;avantage de vous annoncer qu&#8217;une fois encore, le Qu\u00e9bec et sa litt\u00e9rature seront \u00e0 l&#8217;honneur cet automne. Certes apr\u00e8s trois ans de bons &hellip; <a href=\"https:\/\/chezyueyin.org\/blog\/et-comme-toujours-lautomne-sera-quebecois\/\">Continuer la lecture <span class=\"meta-nav\">&rarr;<\/span><\/a><\/p>\n","protected":false},"author":1,"featured_media":0,"comment_status":"open","ping_status":"closed","sticky":false,"template":"","format":"standard","meta":{"_s2mail":"yes","footnotes":""},"categories":[1],"tags":[],"class_list":["post-5256","post","type-post","status-publish","format-standard","hentry","category-non-classe"],"yoast_head":"<!-- This site is optimized with the Yoast SEO plugin v14.4.1 - https:\/\/yoast.com\/wordpress\/plugins\/seo\/ -->\n<meta name=\"description\" content=\"Cette ann\u00e9e Qu\u00e9bec en septembre devient Qu\u00e9bec en novembre avec Karine et Yueyin. On va lire, on va rire, on va placoter... Embarquez donc avec nous !\" \/>\n<meta name=\"robots\" content=\"index, follow\" \/>\n<meta name=\"googlebot\" content=\"index, follow, max-snippet:-1, max-image-preview:large, max-video-preview:-1\" \/>\n<meta name=\"bingbot\" content=\"index, follow, max-snippet:-1, max-image-preview:large, max-video-preview:-1\" \/>\n<link rel=\"canonical\" href=\"https:\/\/chezyueyin.org\/blog\/et-comme-toujours-lautomne-sera-quebecois\/\" \/>\n<meta property=\"og:locale\" content=\"fr_FR\" \/>\n<meta property=\"og:type\" content=\"article\" \/>\n<meta property=\"og:title\" content=\"Et comme toujours, l&#039;automne sera qu\u00e9b\u00e9cois ! -\" \/>\n<meta property=\"og:description\" content=\"Cette ann\u00e9e Qu\u00e9bec en septembre devient Qu\u00e9bec en novembre avec Karine et Yueyin. On va lire, on va rire, on va placoter... Embarquez donc avec nous !\" \/>\n<meta property=\"og:url\" content=\"https:\/\/chezyueyin.org\/blog\/et-comme-toujours-lautomne-sera-quebecois\/\" \/>\n<meta property=\"article:published_time\" content=\"2015-07-02T19:22:47+00:00\" \/>\n<meta property=\"article:modified_time\" content=\"2015-07-02T19:24:15+00:00\" \/>\n<meta property=\"og:image\" content=\"http:\/\/chezyueyin.org\/blog\/wp-content\/uploads\/2015\/07\/logo-que\u0301bec2-300x168.jpg\" \/>\n<script type=\"application\/ld+json\" class=\"yoast-schema-graph\">{\"@context\":\"https:\/\/schema.org\",\"@graph\":[{\"@type\":\"WebSite\",\"@id\":\"https:\/\/chezyueyin.org\/blog\/#website\",\"url\":\"https:\/\/chezyueyin.org\/blog\/\",\"name\":\"\",\"description\":\"\",\"potentialAction\":[{\"@type\":\"SearchAction\",\"target\":\"https:\/\/chezyueyin.org\/blog\/?s={search_term_string}\",\"query-input\":\"required name=search_term_string\"}],\"inLanguage\":\"fr-FR\"},{\"@type\":\"ImageObject\",\"@id\":\"https:\/\/chezyueyin.org\/blog\/et-comme-toujours-lautomne-sera-quebecois\/#primaryimage\",\"inLanguage\":\"fr-FR\",\"url\":\"http:\/\/chezyueyin.org\/blog\/wp-content\/uploads\/2015\/07\/logo-que\\u0301bec2-300x168.jpg\"},{\"@type\":\"WebPage\",\"@id\":\"https:\/\/chezyueyin.org\/blog\/et-comme-toujours-lautomne-sera-quebecois\/#webpage\",\"url\":\"https:\/\/chezyueyin.org\/blog\/et-comme-toujours-lautomne-sera-quebecois\/\",\"name\":\"Et comme toujours, l'automne sera qu\\u00e9b\\u00e9cois ! -\",\"isPartOf\":{\"@id\":\"https:\/\/chezyueyin.org\/blog\/#website\"},\"primaryImageOfPage\":{\"@id\":\"https:\/\/chezyueyin.org\/blog\/et-comme-toujours-lautomne-sera-quebecois\/#primaryimage\"},\"datePublished\":\"2015-07-02T19:22:47+00:00\",\"dateModified\":\"2015-07-02T19:24:15+00:00\",\"author\":{\"@id\":\"https:\/\/chezyueyin.org\/blog\/#\/schema\/person\/1a9310c3e663df5ecfc72321e080472a\"},\"description\":\"Cette ann\\u00e9e Qu\\u00e9bec en septembre devient Qu\\u00e9bec en novembre avec Karine et Yueyin. On va lire, on va rire, on va placoter... Embarquez donc avec nous !\",\"inLanguage\":\"fr-FR\",\"potentialAction\":[{\"@type\":\"ReadAction\",\"target\":[\"https:\/\/chezyueyin.org\/blog\/et-comme-toujours-lautomne-sera-quebecois\/\"]}]},{\"@type\":[\"Person\"],\"@id\":\"https:\/\/chezyueyin.org\/blog\/#\/schema\/person\/1a9310c3e663df5ecfc72321e080472a\",\"name\":\"yueyin\",\"image\":{\"@type\":\"ImageObject\",\"@id\":\"https:\/\/chezyueyin.org\/blog\/#personlogo\",\"inLanguage\":\"fr-FR\",\"url\":\"https:\/\/secure.gravatar.com\/avatar\/1e806c47d6639b28584ec4f62fd12a1e07e1042510b36ac97a823d02fd787a70?s=96&d=mm&r=g\",\"caption\":\"yueyin\"}}]}<\/script>\n<!-- \/ Yoast SEO plugin. -->","_links":{"self":[{"href":"https:\/\/chezyueyin.org\/blog\/wp-json\/wp\/v2\/posts\/5256","targetHints":{"allow":["GET"]}}],"collection":[{"href":"https:\/\/chezyueyin.org\/blog\/wp-json\/wp\/v2\/posts"}],"about":[{"href":"https:\/\/chezyueyin.org\/blog\/wp-json\/wp\/v2\/types\/post"}],"author":[{"embeddable":true,"href":"https:\/\/chezyueyin.org\/blog\/wp-json\/wp\/v2\/users\/1"}],"replies":[{"embeddable":true,"href":"https:\/\/chezyueyin.org\/blog\/wp-json\/wp\/v2\/comments?post=5256"}],"version-history":[{"count":12,"href":"https:\/\/chezyueyin.org\/blog\/wp-json\/wp\/v2\/posts\/5256\/revisions"}],"predecessor-version":[{"id":5272,"href":"https:\/\/chezyueyin.org\/blog\/wp-json\/wp\/v2\/posts\/5256\/revisions\/5272"}],"wp:attachment":[{"href":"https:\/\/chezyueyin.org\/blog\/wp-json\/wp\/v2\/media?parent=5256"}],"wp:term":[{"taxonomy":"category","embeddable":true,"href":"https:\/\/chezyueyin.org\/blog\/wp-json\/wp\/v2\/categories?post=5256"},{"taxonomy":"post_tag","embeddable":true,"href":"https:\/\/chezyueyin.org\/blog\/wp-json\/wp\/v2\/tags?post=5256"}],"curies":[{"name":"wp","href":"https:\/\/api.w.org\/{rel}","templated":true}]}}