{"id":6404,"date":"2016-03-16T17:33:36","date_gmt":"2016-03-16T16:33:36","guid":{"rendered":"http:\/\/chezyueyin.org\/blog\/?p=6404"},"modified":"2016-03-16T17:33:36","modified_gmt":"2016-03-16T16:33:36","slug":"retour-pays-bien-aime","status":"publish","type":"post","link":"https:\/\/chezyueyin.org\/blog\/retour-pays-bien-aime\/","title":{"rendered":"Retour au pays bien aim\u00e9"},"content":{"rendered":"<p style=\"text-align: justify;\"><img loading=\"lazy\" decoding=\"async\" class=\"alignleft size-full wp-image-6405\" src=\"http:\/\/chezyueyin.org\/blog\/wp-content\/uploads\/2016\/03\/retour.jpg\" alt=\"retour\" width=\"170\" height=\"248\" \/>\u00e0 la mort de sa m\u00e8re, Georges, jeune trentenaire suisse plut\u00f4t ais\u00e9, d\u00e9cide de retourner dans le veld sud-africain o\u00f9 il est n\u00e9 mais dont il ne garde que de vagues souvenirs. Son id\u00e9e, revoir la ferme de ses grand-parents et peut \u00eatre la vendre. Encore faudrait-il la retrouver car le pays de ses souvenirs a disparu, il ne reste que des ruines, des terres \u00e0 l&#8217;abandon, quelques fermes d\u00e9sh\u00e9rit\u00e9es o\u00f9 survivent une poign\u00e9e d&#8217;afrikaners d\u00e9class\u00e9s, appauvris, isol\u00e9s qui lui offrent l&#8217;hospitalit\u00e9 mais le consid\u00e8rent avec m\u00e9fiance. Sous le ciel immense et plomb\u00e9 du Veld, l&#8217;exil peut prendre bien des visages mais permet-il le retour ?<\/p>\n<p style=\"text-align: justify;\">Dans <em>Retour au pays bien aim\u00e9<\/em>, tout &#8211; histoire, personnages, panorama &#8211; semble\u00a0 s&#8217;\u00e9tioler sous le poids d&#8217;un ciel pesant qui bien loin d&#8217;ouvrir l&#8217;espace ou de symboliser la libert\u00e9, p\u00e8se sur le paysage et enferme les hommes d&#8217;une fa\u00e7on quasi carc\u00e9rale. Juste hors de vue, r\u00f4de la peur, celle d&#8217;un danger jamais nomm\u00e9 dont on ne sait ce qu&#8217;il est ni s&#8217;il existe r\u00e9ellement. D&#8217;une certaine fa\u00e7on, l&#8217;exil g\u00e9ographique de Georges, tout nourri des souvenirs de ses parents plus que des siens, semble peu de chose par rapport \u00e0 celui que vivent ceux qui sont rest\u00e9s, exil\u00e9s de leur propre vie, vivant des souvenirs d&#8217;un pass\u00e9 \u00e0 jamais r\u00e9volu englouti dans des \u00e9v\u00e9nements dont on ne saura jamais exactement ce qu&#8217;ils furent. Jeunes et vieux, tous vivent de et dans cette perte,\u00a0 projetant sur le revenant souvenirs, fantasmes d&#8217;\u00e9vasions ou de changements mais sans jamais vraiment s&#8217;int\u00e9resser \u00e0 ce qui peut se passer ailleurs, le regard de chacun semblant tourn\u00e9 vers l&#8217;int\u00e9rieur, incapable de voir plus loin, autrement, autre choses.<\/p>\n<p style=\"text-align: justify;\">Apr\u00e8s quelques\u00a0 recherches, j&#8217;ignore toujours si l&#8217;auteur avait en t\u00eate des \u00e9v\u00e9nements pr\u00e9cis pour ceux jamais nomm\u00e9s qui sont au centre de cette histoire &#8211; et qui auraient eu lieu dans les ann\u00e9es quarante si on se r\u00e9f\u00e8re \u00e0 la date de publication du livre mais l&#8217;histoire de l&#8217;Afrique du Sud est complexe et les bouleversements n&#8217;y manquent pas. En situant son roman hors du temps, l&#8217;auteur en fait un r\u00e9cit universel tiss\u00e9 de peur et de col\u00e8re qui d\u00e9range et perturbe avec une puissance peu commune. Une roman fort qui se lit en apn\u00e9e, se termine hors souffle, et laisse derri\u00e8re lui bien des sujets de m\u00e9ditations. Puissant.<\/p>\n<p style=\"text-align: justify;\"><em><span style=\"font-size: 10pt;\">Retour au pays bien aim\u00e9 &#8211; Karel Schoeman &#8211; 1972 &#8211; Traduit de l&#8217;afrikaans par Pierre-Marie Finkelstein &#8211; 2006 &#8211; Ph\u00e9bu<\/span>s<\/em><\/p>\n<p style=\"text-align: justify;\"><a href=\"http:\/\/yspaddaden.com\/lire-le-monde\/\" target=\"_blank\"><img loading=\"lazy\" decoding=\"async\" class=\"alignleft  wp-image-6182\" src=\"http:\/\/chezyueyin.org\/blog\/wp-content\/uploads\/2016\/01\/Lire-le-monde-300x413-217x300.jpg\" alt=\"Lire-le-monde-300x413\" width=\"129\" height=\"178\" srcset=\"https:\/\/chezyueyin.org\/blog\/wp-content\/uploads\/2016\/01\/Lire-le-monde-300x413-217x300.jpg 217w, https:\/\/chezyueyin.org\/blog\/wp-content\/uploads\/2016\/01\/Lire-le-monde-300x413.jpg 300w\" sizes=\"auto, (max-width: 129px) 100vw, 129px\" \/><\/a>Lu dans le cadre du projet Lire le monde de <a href=\"http:\/\/yspaddaden.com\/lire-le-monde\/\" target=\"_blank\">Yspadadden<\/a> &#8211; Les avis de <a href=\"http:\/\/enlisantenvoyageant.blogspot.fr\/2012\/05\/retour-au-pays-bien-aime.html\" target=\"_blank\">Keisha ,\u00a0<\/a>\u00a0 <a href=\"https:\/\/surmesbrizees.wordpress.com\/2016\/02\/14\/retour-au-pays-bien-aime-karel-schoeman\/\" target=\"_blank\">Brize <\/a>et\u00a0 <a href=\"http:\/\/lecture-sans-frontieres.blogspot.fr\/2016\/02\/retour-au-pays-bien-aime.html\" target=\"_blank\">Fanja<\/a><\/p>\n<p>PS : Karel Schoeman est un auteur qu&#8217;on se r\u00e9jouit de rencontrer, j&#8217;ai d\u00e9j\u00e0 un autre de ses titres en vue&#8230;<\/p>\n","protected":false},"excerpt":{"rendered":"<p>\u00e0 la mort de sa m\u00e8re, Georges, jeune trentenaire suisse plut\u00f4t ais\u00e9, d\u00e9cide de retourner dans le veld sud-africain o\u00f9 il est n\u00e9 mais dont il ne garde que de vagues souvenirs. Son id\u00e9e, revoir la ferme de ses grand-parents &hellip; <a href=\"https:\/\/chezyueyin.org\/blog\/retour-pays-bien-aime\/\">Continuer la lecture <span class=\"meta-nav\">&rarr;<\/span><\/a><\/p>\n","protected":false},"author":1,"featured_media":0,"comment_status":"open","ping_status":"closed","sticky":false,"template":"","format":"standard","meta":{"_s2mail":"yes","footnotes":""},"categories":[1],"tags":[],"class_list":["post-6404","post","type-post","status-publish","format-standard","hentry","category-non-classe"],"yoast_head":"<!-- This site is optimized with the Yoast SEO plugin v14.4.1 - https:\/\/yoast.com\/wordpress\/plugins\/seo\/ -->\n<meta name=\"description\" content=\"Un r\u00e9cit universel tiss\u00e9 d&#039;exil, de peur et de col\u00e8re qui d\u00e9range et \u00e9corche avec une puissance peu commune\" \/>\n<meta name=\"robots\" content=\"index, follow\" \/>\n<meta name=\"googlebot\" content=\"index, follow, max-snippet:-1, max-image-preview:large, max-video-preview:-1\" \/>\n<meta name=\"bingbot\" content=\"index, follow, max-snippet:-1, max-image-preview:large, max-video-preview:-1\" \/>\n<link rel=\"canonical\" href=\"https:\/\/chezyueyin.org\/blog\/retour-pays-bien-aime\/\" \/>\n<meta property=\"og:locale\" content=\"fr_FR\" \/>\n<meta property=\"og:type\" content=\"article\" \/>\n<meta property=\"og:title\" content=\"Retour au pays bien aim\u00e9 -\" \/>\n<meta property=\"og:description\" content=\"Un r\u00e9cit universel tiss\u00e9 d&#039;exil, de peur et de col\u00e8re qui d\u00e9range et \u00e9corche avec une puissance peu commune\" \/>\n<meta property=\"og:url\" content=\"https:\/\/chezyueyin.org\/blog\/retour-pays-bien-aime\/\" \/>\n<meta property=\"article:published_time\" content=\"2016-03-16T16:33:36+00:00\" \/>\n<meta property=\"og:image\" content=\"http:\/\/chezyueyin.org\/blog\/wp-content\/uploads\/2016\/03\/retour.jpg\" \/>\n<script type=\"application\/ld+json\" class=\"yoast-schema-graph\">{\"@context\":\"https:\/\/schema.org\",\"@graph\":[{\"@type\":\"WebSite\",\"@id\":\"https:\/\/chezyueyin.org\/blog\/#website\",\"url\":\"https:\/\/chezyueyin.org\/blog\/\",\"name\":\"\",\"description\":\"\",\"potentialAction\":[{\"@type\":\"SearchAction\",\"target\":\"https:\/\/chezyueyin.org\/blog\/?s={search_term_string}\",\"query-input\":\"required name=search_term_string\"}],\"inLanguage\":\"fr-FR\"},{\"@type\":\"ImageObject\",\"@id\":\"https:\/\/chezyueyin.org\/blog\/retour-pays-bien-aime\/#primaryimage\",\"inLanguage\":\"fr-FR\",\"url\":\"http:\/\/chezyueyin.org\/blog\/wp-content\/uploads\/2016\/03\/retour.jpg\"},{\"@type\":\"WebPage\",\"@id\":\"https:\/\/chezyueyin.org\/blog\/retour-pays-bien-aime\/#webpage\",\"url\":\"https:\/\/chezyueyin.org\/blog\/retour-pays-bien-aime\/\",\"name\":\"Retour au pays bien aim\\u00e9 -\",\"isPartOf\":{\"@id\":\"https:\/\/chezyueyin.org\/blog\/#website\"},\"primaryImageOfPage\":{\"@id\":\"https:\/\/chezyueyin.org\/blog\/retour-pays-bien-aime\/#primaryimage\"},\"datePublished\":\"2016-03-16T16:33:36+00:00\",\"dateModified\":\"2016-03-16T16:33:36+00:00\",\"author\":{\"@id\":\"https:\/\/chezyueyin.org\/blog\/#\/schema\/person\/1a9310c3e663df5ecfc72321e080472a\"},\"description\":\"Un r\\u00e9cit universel tiss\\u00e9 d'exil, de peur et de col\\u00e8re qui d\\u00e9range et \\u00e9corche avec une puissance peu commune\",\"inLanguage\":\"fr-FR\",\"potentialAction\":[{\"@type\":\"ReadAction\",\"target\":[\"https:\/\/chezyueyin.org\/blog\/retour-pays-bien-aime\/\"]}]},{\"@type\":[\"Person\"],\"@id\":\"https:\/\/chezyueyin.org\/blog\/#\/schema\/person\/1a9310c3e663df5ecfc72321e080472a\",\"name\":\"yueyin\",\"image\":{\"@type\":\"ImageObject\",\"@id\":\"https:\/\/chezyueyin.org\/blog\/#personlogo\",\"inLanguage\":\"fr-FR\",\"url\":\"https:\/\/secure.gravatar.com\/avatar\/1e806c47d6639b28584ec4f62fd12a1e07e1042510b36ac97a823d02fd787a70?s=96&d=mm&r=g\",\"caption\":\"yueyin\"}}]}<\/script>\n<!-- \/ Yoast SEO plugin. -->","_links":{"self":[{"href":"https:\/\/chezyueyin.org\/blog\/wp-json\/wp\/v2\/posts\/6404","targetHints":{"allow":["GET"]}}],"collection":[{"href":"https:\/\/chezyueyin.org\/blog\/wp-json\/wp\/v2\/posts"}],"about":[{"href":"https:\/\/chezyueyin.org\/blog\/wp-json\/wp\/v2\/types\/post"}],"author":[{"embeddable":true,"href":"https:\/\/chezyueyin.org\/blog\/wp-json\/wp\/v2\/users\/1"}],"replies":[{"embeddable":true,"href":"https:\/\/chezyueyin.org\/blog\/wp-json\/wp\/v2\/comments?post=6404"}],"version-history":[{"count":5,"href":"https:\/\/chezyueyin.org\/blog\/wp-json\/wp\/v2\/posts\/6404\/revisions"}],"predecessor-version":[{"id":6410,"href":"https:\/\/chezyueyin.org\/blog\/wp-json\/wp\/v2\/posts\/6404\/revisions\/6410"}],"wp:attachment":[{"href":"https:\/\/chezyueyin.org\/blog\/wp-json\/wp\/v2\/media?parent=6404"}],"wp:term":[{"taxonomy":"category","embeddable":true,"href":"https:\/\/chezyueyin.org\/blog\/wp-json\/wp\/v2\/categories?post=6404"},{"taxonomy":"post_tag","embeddable":true,"href":"https:\/\/chezyueyin.org\/blog\/wp-json\/wp\/v2\/tags?post=6404"}],"curies":[{"name":"wp","href":"https:\/\/api.w.org\/{rel}","templated":true}]}}